{"id":1475,"date":"2022-10-26T09:47:51","date_gmt":"2022-10-26T09:47:51","guid":{"rendered":"http:\/\/blog.lindgren-packendorff.com\/?p=1475"},"modified":"2022-11-29T11:14:13","modified_gmt":"2022-11-29T11:14:13","slug":"tillit-och-samsyn","status":"publish","type":"post","link":"http:\/\/blog.lindgren-packendorff.com\/?p=1475","title":{"rendered":"Tillit och samsyn"},"content":{"rendered":"\n<p><a href=\"http:\/\/media1.lindgren-packendorff.com\/2021\/11\/978-91-44-15096-3_01_coverimage.jpeg\"><img decoding=\"async\" loading=\"lazy\" src=\"http:\/\/media1.lindgren-packendorff.com\/2022\/11\/Forelasare_Leda-for-skolutveckling.png\" alt=\"\" width=\"260\" height=\"230\" class=\"alignright size-full wp-image-1414\"><\/a>Johann Packendorff och Louise Bringselius var den 26\/10 inbjudna till Kulturkvarteret i \u00d6rebro, f\u00f6r att ge inspel och inspiration till kommunens samtliga skolledare. Konferensen var ett led i ett f\u00f6r\u00e4ndringsarbete i riktning mot \u00f6kat tv\u00e4rfunktionellt samarbete i kommunen. <a href=\"https:\/\/extra.orebro.se\/pedagogorebro\/nyheterochblogginlagg\/tillitochsamsynledarskapetfororebroschefer.5.69c6f29a184148a18158a5.html\">L\u00e4s mer h\u00e4r<\/a>.<\/p>\n","protected":false},"excerpt":{"rendered":"<p>Johann Packendorff och Louise Bringselius var den 26\/10 inbjudna till Kulturkvarteret i \u00d6rebro, f\u00f6r att ge inspel och inspiration till kommunens samtliga skolledare. Konferensen var ett led i ett f\u00f6r\u00e4ndringsarbete i riktning mot \u00f6kat tv\u00e4rfunktionellt samarbete i kommunen. L\u00e4s mer &hellip; <a href=\"http:\/\/blog.lindgren-packendorff.com\/?p=1475\">Forts\u00e4tt l\u00e4sa <span class=\"meta-nav\">&rarr;<\/span><\/a><\/p>\n","protected":false},"author":1,"featured_media":0,"comment_status":"open","ping_status":"open","sticky":false,"template":"","format":"standard","meta":[],"categories":[1],"tags":[],"_links":{"self":[{"href":"http:\/\/blog.lindgren-packendorff.com\/index.php?rest_route=\/wp\/v2\/posts\/1475"}],"collection":[{"href":"http:\/\/blog.lindgren-packendorff.com\/index.php?rest_route=\/wp\/v2\/posts"}],"about":[{"href":"http:\/\/blog.lindgren-packendorff.com\/index.php?rest_route=\/wp\/v2\/types\/post"}],"author":[{"embeddable":true,"href":"http:\/\/blog.lindgren-packendorff.com\/index.php?rest_route=\/wp\/v2\/users\/1"}],"replies":[{"embeddable":true,"href":"http:\/\/blog.lindgren-packendorff.com\/index.php?rest_route=%2Fwp%2Fv2%2Fcomments&post=1475"}],"version-history":[{"count":5,"href":"http:\/\/blog.lindgren-packendorff.com\/index.php?rest_route=\/wp\/v2\/posts\/1475\/revisions"}],"predecessor-version":[{"id":1481,"href":"http:\/\/blog.lindgren-packendorff.com\/index.php?rest_route=\/wp\/v2\/posts\/1475\/revisions\/1481"}],"wp:attachment":[{"href":"http:\/\/blog.lindgren-packendorff.com\/index.php?rest_route=%2Fwp%2Fv2%2Fmedia&parent=1475"}],"wp:term":[{"taxonomy":"category","embeddable":true,"href":"http:\/\/blog.lindgren-packendorff.com\/index.php?rest_route=%2Fwp%2Fv2%2Fcategories&post=1475"},{"taxonomy":"post_tag","embeddable":true,"href":"http:\/\/blog.lindgren-packendorff.com\/index.php?rest_route=%2Fwp%2Fv2%2Ftags&post=1475"}],"curies":[{"name":"wp","href":"https:\/\/api.w.org\/{rel}","templated":true}]}}